{"id":821,"date":"2016-02-25T16:05:04","date_gmt":"2016-02-25T15:05:04","guid":{"rendered":"http:\/\/www.psicologiperipopolilazio.it\/wp\/?p=821"},"modified":"2016-10-05T13:58:28","modified_gmt":"2016-10-05T11:58:28","slug":"821-2","status":"publish","type":"post","link":"https:\/\/www.psicologiperipopolilazio.it\/wp\/821-2\/","title":{"rendered":"Attivit\u00e0 svolte presso il Municipio VIII di Roma"},"content":{"rendered":"<p style=\"text-align: justify;\">Gentile Assessore,<\/p>\n<p style=\"text-align: justify;\">nel mese corrente scadono gli accordi previsti nel Protocollo d\u2019Intesa tra codesto Assessorato e l\u2019Associazione Psicologi per i Popoli \u2013 Regio Lazio, rinnovati nel 2013.<\/p>\n<p style=\"text-align: justify;\">Al fine di valutare un\u2019auspicabile prosecuzione della collaborazione, si riferisce sinteticamente sull\u2019attivit\u00e0 svolta.<!--more--><\/p>\n<p style=\"text-align: justify;\">Gli interventi da parte degli psicologi dell\u2019Associazione sono proseguiti su alcuni casi di individui portatori di un forte disagio psicologico, derivante da molteplici cause, spesso concorrenti, che hanno fatto emergere l\u2019assoluta necessit\u00e0 di un aiuto psicologico di emergenza, per ritrovare e riorganizzare almeno alcune capacit\u00e0 e risorse della persona.<\/p>\n<p style=\"text-align: justify;\">Talvolta, purtroppo, l\u2019ultimo grave accadimento ha slatentizzato disagi psichici profondi, compensati o negati fino a quel momento ed in tal caso si \u00e8 reso necessario, dopo una prima fase di contenimento psicologico, ricercare insieme agli operatori il concorso di altre strutture istituzionali, per un intervento pi\u00f9 sistematico e alla luce dei rinnovati obiettivi dell\u2019intervento.<\/p>\n<p style=\"text-align: justify;\">In un caso particolare \u00e8 emersa la necessit\u00e0 di estendere il supporto ad altri membri della famiglia, per aiutare l\u2019individuo a ritrovare meglio, insieme agli affetti, anche il senso di una organizzazione pratica di vita, riscoprendo risorse emotive e relazionali.<\/p>\n<p style=\"text-align: justify;\">Nella maggior parte dei casi, tuttavia, si \u00e8 operato esclusivamente con l\u2019individuo, per il rientro della fase emergenziale, alla quale \u00e8 seguito un lavoro psicologico di supporto per la stabilizzazione delle capacit\u00e0 recuperate,attraverso una loro gestione pi\u00f9 consapevole.<\/p>\n<p style=\"text-align: justify;\">Attualmente, i casi in corso di trattamento sono sette, seguiti da cinque psicologi.<\/p>\n<p style=\"text-align: justify;\">Le aree da cui sono arrivati gli invii sono: area adulti, area minori e area anziani.<\/p>\n<p style=\"text-align: justify;\">Per quanto attiene alla collaborazione con le assistenti sociali per i casi presentati, permane una stima e una fiducia reciproca,che permettono una proficua comunicazione e confronto e rendono l\u2019intervento concorde ed efficace. Ci\u00f2 consente, ove ritenuto necessario, una eventuale ridefinizione dell\u2019obiettivo,con azioni conseguentemente riorganizzate.<\/p>\n<p style=\"text-align: justify;\">Riguardo alla supervisione con le stesse operatrici sociali, quest\u2019ultima si ritiene conclusa, essendone decaduta \u2013almeno per il momento-l\u2019esigenza.<\/p>\n<p style=\"text-align: justify;\">Si propone, pertanto, che il protocollo da firmare non preveda negli accordi gli incontri previsti a tale scopo.<\/p>\n<p style=\"text-align: justify;\">Si segnala, infine, l\u2019opportunit\u00e0 di un incontro di conoscenza con le altre associazioni che collaborano con codesto Assessorato sui temi sociali, al fine di uno scambio di informazioni, utile a realizzare un pi\u00f9 proficuo intervento di rete, ove ritenuto possibile ed opportuno.<\/p>\n<p style=\"text-align: justify;\">Cordiali saluti.<\/p>\n<p style=\"text-align: right;\">\u00a0\u00a0\u00a0\u00a0\u00a0\u00a0\u00a0\u00a0\u00a0\u00a0\u00a0\u00a0\u00a0\u00a0\u00a0\u00a0\u00a0\u00a0 Dott.ssa Angiola Lescai<\/p>\n<p style=\"text-align: right;\">(referente di Psicologi per i Popoli Lazio presso il Municipio VIII)<\/p>\n<p>&nbsp;<\/p>\n","protected":false},"excerpt":{"rendered":"<p>Gentile Assessore, nel mese corrente scadono gli accordi previsti nel Protocollo d\u2019Intesa tra codesto Assessorato e l\u2019Associazione Psicologi per i Popoli \u2013 Regio Lazio, rinnovati nel 2013. Al fine di valutare un\u2019auspicabile prosecuzione della collaborazione, si riferisce sinteticamente sull\u2019attivit\u00e0 svolta.<\/p>\n","protected":false},"author":1,"featured_media":0,"comment_status":"closed","ping_status":"closed","sticky":false,"template":"","format":"standard","meta":{"zakra_page_container_layout":"customizer","zakra_page_sidebar_layout":"customizer","zakra_remove_content_margin":false,"zakra_sidebar":"customizer","zakra_transparent_header":"customizer","zakra_logo":0,"zakra_main_header_style":"default","zakra_menu_item_color":"","zakra_menu_item_hover_color":"","zakra_menu_item_active_color":"","zakra_menu_active_style":"","zakra_page_header":true,"ngg_post_thumbnail":0,"footnotes":""},"categories":[7],"tags":[],"class_list":["post-821","post","type-post","status-publish","format-standard","hentry","category-municipio-viii-roma"],"views":1297,"_links":{"self":[{"href":"https:\/\/www.psicologiperipopolilazio.it\/wp\/wp-json\/wp\/v2\/posts\/821","targetHints":{"allow":["GET"]}}],"collection":[{"href":"https:\/\/www.psicologiperipopolilazio.it\/wp\/wp-json\/wp\/v2\/posts"}],"about":[{"href":"https:\/\/www.psicologiperipopolilazio.it\/wp\/wp-json\/wp\/v2\/types\/post"}],"author":[{"embeddable":true,"href":"https:\/\/www.psicologiperipopolilazio.it\/wp\/wp-json\/wp\/v2\/users\/1"}],"replies":[{"embeddable":true,"href":"https:\/\/www.psicologiperipopolilazio.it\/wp\/wp-json\/wp\/v2\/comments?post=821"}],"version-history":[{"count":4,"href":"https:\/\/www.psicologiperipopolilazio.it\/wp\/wp-json\/wp\/v2\/posts\/821\/revisions"}],"predecessor-version":[{"id":1305,"href":"https:\/\/www.psicologiperipopolilazio.it\/wp\/wp-json\/wp\/v2\/posts\/821\/revisions\/1305"}],"wp:attachment":[{"href":"https:\/\/www.psicologiperipopolilazio.it\/wp\/wp-json\/wp\/v2\/media?parent=821"}],"wp:term":[{"taxonomy":"category","embeddable":true,"href":"https:\/\/www.psicologiperipopolilazio.it\/wp\/wp-json\/wp\/v2\/categories?post=821"},{"taxonomy":"post_tag","embeddable":true,"href":"https:\/\/www.psicologiperipopolilazio.it\/wp\/wp-json\/wp\/v2\/tags?post=821"}],"curies":[{"name":"wp","href":"https:\/\/api.w.org\/{rel}","templated":true}]}}